{"id":6316,"__str__":"Requerimento n\u00ba 313 de 2020","link_detail_backend":"/materia/6316","metadata":{},"numero":313,"ano":2020,"numero_protocolo":null,"data_apresentacao":"2020-06-16","tipo_apresentacao":"","data_publicacao":null,"numero_origem_externa":"","ano_origem_externa":null,"data_origem_externa":null,"apelido":"","dias_prazo":null,"data_fim_prazo":null,"em_tramitacao":false,"polemica":null,"objeto":"","complementar":null,"ementa":"Solicitar ao Prefeito Municipal e Secret\u00e1rio de Sa\u00fade a ades\u00e3o ao Programa \"O Brasil Conta Comigo\", voltada aos alunos dos cursos da \u00e1rea de sa\u00fade para o enfrentamento \u00e0 pandemia do coronav\u00edrus","indexacao":"","observacao":"","resultado":"","texto_original":"http://sapl.cabedelo.pb.leg.br/media/sapl/public/materialegislativa/2020/6316/requer._no_313_2020_-_ver._jose_pereira_-_aderir_o_programa_o_brasil_conta_comigo.pdf","data_ultima_atualizacao":"2020-08-17T10:03:32.356961-03:00","ip":"186.235.55.12","ultima_edicao":"2020-08-17T10:01:06.880768-03:00","tipo":3,"regime_tramitacao":1,"tipo_origem_externa":null,"local_origem_externa":null,"user":22,"anexadas":[],"autores":[39]}