{"id":6375,"__str__":"Requerimento n\u00ba 372 de 2020","link_detail_backend":"/materia/6375","metadata":{},"numero":372,"ano":2020,"numero_protocolo":null,"data_apresentacao":"2020-08-04","tipo_apresentacao":"","data_publicacao":null,"numero_origem_externa":"","ano_origem_externa":null,"data_origem_externa":null,"apelido":"","dias_prazo":null,"data_fim_prazo":null,"em_tramitacao":false,"polemica":null,"objeto":"","complementar":null,"ementa":"Solicitar a Secretaria de Educa\u00e7\u00e3o o plano de retorno \u00e0s aulas diante da pandemia","indexacao":"","observacao":"","resultado":"","texto_original":"http://sapl.cabedelo.pb.leg.br/media/sapl/public/materialegislativa/2020/6375/requer._no_372_2020_-_ver._fabiana_regis_-_plano_retorno_aulas.pdf","data_ultima_atualizacao":"2020-08-24T10:27:49.823195-03:00","ip":"186.235.55.12","ultima_edicao":"2020-08-24T10:26:21.370970-03:00","tipo":3,"regime_tramitacao":1,"tipo_origem_externa":null,"local_origem_externa":null,"user":22,"anexadas":[],"autores":[9]}