{"id":6711,"__str__":"Requerimento n\u00ba 9 de 2021","link_detail_backend":"/materia/6711","metadata":{},"numero":9,"ano":2021,"numero_protocolo":null,"data_apresentacao":"2021-02-02","tipo_apresentacao":"","data_publicacao":null,"numero_origem_externa":"","ano_origem_externa":null,"data_origem_externa":null,"apelido":"","dias_prazo":null,"data_fim_prazo":null,"em_tramitacao":false,"polemica":false,"objeto":"","complementar":false,"ementa":"Sess\u00e3o Especial sobre as mudan\u00e7as no tr\u00e2nsito e a implanta\u00e7\u00e3o de sem\u00e1foros na cidade","indexacao":"","observacao":"","resultado":"","texto_original":"http://sapl.cabedelo.pb.leg.br/media/sapl/public/materialegislativa/2021/6711/requer._no_009_2021-ver._herlon_cabral-_sessao_especial_transito.pdf","data_ultima_atualizacao":"2021-02-08T12:44:22.290365-03:00","ip":"186.235.55.12","ultima_edicao":"2021-02-08T12:42:36.615718-03:00","tipo":3,"regime_tramitacao":1,"tipo_origem_externa":null,"local_origem_externa":null,"user":22,"anexadas":[],"autores":[40]}