{"id":6750,"__str__":"Requerimento n\u00ba 35 de 2021","link_detail_backend":"/materia/6750","metadata":{},"numero":35,"ano":2021,"numero_protocolo":null,"data_apresentacao":"2021-02-09","tipo_apresentacao":"","data_publicacao":null,"numero_origem_externa":"","ano_origem_externa":null,"data_origem_externa":null,"apelido":"","dias_prazo":null,"data_fim_prazo":null,"em_tramitacao":false,"polemica":false,"objeto":"","complementar":false,"ementa":"Realiza\u00e7\u00e3o de Sess\u00e3o Especial para discuss\u00e3o junto a sociedade civil organizada da Campanha Fevereiro Roxo, dedicada a conscientiza\u00e7\u00e3o sobre Alzheimer, L\u00fapus e Fibromialgia","indexacao":"","observacao":"","resultado":"","texto_original":"http://sapl.cabedelo.pb.leg.br/media/sapl/public/materialegislativa/2021/6750/requer._no_035_2021-ver._evilasio_-_sessao_especial_fevereiro_roxo.pdf","data_ultima_atualizacao":"2021-02-19T11:02:13.713487-03:00","ip":"200.196.160.34","ultima_edicao":"2021-02-19T10:59:53.921665-03:00","tipo":3,"regime_tramitacao":1,"tipo_origem_externa":null,"local_origem_externa":null,"user":22,"anexadas":[],"autores":[6]}