{"id":6899,"__str__":"Requerimento n\u00ba 165 de 2021","link_detail_backend":"/materia/6899","metadata":{},"numero":165,"ano":2021,"numero_protocolo":null,"data_apresentacao":"2021-04-13","tipo_apresentacao":"","data_publicacao":null,"numero_origem_externa":"","ano_origem_externa":null,"data_origem_externa":null,"apelido":"","dias_prazo":null,"data_fim_prazo":null,"em_tramitacao":false,"polemica":false,"objeto":"","complementar":false,"ementa":"Solicitar ao Prefeito Municipal e Secretaria da Receita a prorroga\u00e7\u00e3o do prazo para ades\u00e3o ao Programa de Concilia\u00e7\u00e3o Jur\u00eddico Fiscal do Munic\u00edpio de Cabedelo - \"Concilia-Cabedelo\"","indexacao":"","observacao":"","resultado":"","texto_original":"http://sapl.cabedelo.pb.leg.br/media/sapl/public/materialegislativa/2021/6899/requer._no_165_2021-ver._andre_coutinho-programa_concilia_cabedelo.pdf","data_ultima_atualizacao":"2021-04-25T20:33:13.284242-03:00","ip":"177.177.143.19","ultima_edicao":"2021-04-25T20:30:13.219166-03:00","tipo":3,"regime_tramitacao":1,"tipo_origem_externa":null,"local_origem_externa":null,"user":22,"anexadas":[],"autores":[44]}