{"id":6953,"__str__":"Requerimento n\u00ba 217 de 2021","link_detail_backend":"/materia/6953","metadata":{},"numero":217,"ano":2021,"numero_protocolo":null,"data_apresentacao":"2021-04-26","tipo_apresentacao":"","data_publicacao":null,"numero_origem_externa":"","ano_origem_externa":null,"data_origem_externa":null,"apelido":"","dias_prazo":null,"data_fim_prazo":null,"em_tramitacao":false,"polemica":false,"objeto":"","complementar":false,"ementa":"Solicitar ao Prefeito Municipal e Secretaria de Ind\u00fastria, Com\u00e9rcio, Ci\u00eancia, Tecnologia e Portos para que solicite a empresa \"Assa\u00ed Atacadista\" quais as vagas de emprego ser\u00e3o abertas na Filial Cabedelo, para oferecer cursos de capacita\u00e7\u00e3o aos mun\u00edcipes objetivando a coloca\u00e7\u00e3o dos mesmos no mercado de trabalho","indexacao":"","observacao":"","resultado":"","texto_original":"http://sapl.cabedelo.pb.leg.br/media/sapl/public/materialegislativa/2021/6953/requer._no_217_2021-ver._edvaldo_neto-vagas_assai_atacadista.pdf","data_ultima_atualizacao":"2021-05-05T10:33:39.296642-03:00","ip":"186.235.55.12","ultima_edicao":"2021-05-05T10:29:10.103267-03:00","tipo":3,"regime_tramitacao":1,"tipo_origem_externa":null,"local_origem_externa":null,"user":22,"anexadas":[],"autores":[45]}