{"id":7081,"__str__":"Requerimento n\u00ba 320 de 2021","link_detail_backend":"/materia/7081","metadata":{},"numero":320,"ano":2021,"numero_protocolo":null,"data_apresentacao":"2021-06-01","tipo_apresentacao":"","data_publicacao":null,"numero_origem_externa":"","ano_origem_externa":null,"data_origem_externa":null,"apelido":"","dias_prazo":null,"data_fim_prazo":null,"em_tramitacao":false,"polemica":false,"objeto":"","complementar":false,"ementa":"Solicitar ao Prefeito Municipal e Secretaria de Seguran\u00e7a Municipal e Guarda Metropolitana provid\u00eancias no sentido de disponibilizar guardas municipais para fazer a seguran\u00e7a do Centro de Atendimento a Pessoas com Defici\u00eancia e Transtorno, durante o expediente di\u00e1rio, localizado na Rua Estudante Paulo Maia Guimar\u00e3es, n\u00ba 452, no Bairro de Formosa","indexacao":"","observacao":"","resultado":"","texto_original":"http://sapl.cabedelo.pb.leg.br/media/sapl/public/materialegislativa/2021/7081/requer._no_320_2021-ver._wagner_do_solanense-dosponibilizacao_de_guardas_para_seguranca_no_atendimento_a_pessoas_comdeficiencia.pdf","data_ultima_atualizacao":"2021-06-07T10:25:36.399935-03:00","ip":"186.235.55.12","ultima_edicao":"2021-06-07T10:18:32.825998-03:00","tipo":3,"regime_tramitacao":1,"tipo_origem_externa":null,"local_origem_externa":null,"user":22,"anexadas":[],"autores":[46]}