{"id":7157,"__str__":"Requerimento n\u00ba 369 de 2021","link_detail_backend":"/materia/7157","metadata":{},"numero":369,"ano":2021,"numero_protocolo":null,"data_apresentacao":"2021-06-22","tipo_apresentacao":"","data_publicacao":null,"numero_origem_externa":"","ano_origem_externa":null,"data_origem_externa":null,"apelido":"","dias_prazo":null,"data_fim_prazo":null,"em_tramitacao":false,"polemica":false,"objeto":"","complementar":false,"ementa":"Solicitar ao Procurador Geral do Munic\u00edpio e as Secretarias de Educa\u00e7\u00e3o e Sa\u00fade provid\u00eancias no sentido de estudar a implementa\u00e7\u00e3o do Projeto de Lei que \"Institui a obrigatoriedade da realiza\u00e7\u00e3o de cursos de primeiros socorros para professores e funcion\u00e1rios de estabelecimentos de ensino p\u00fablicos e privados da educa\u00e7\u00e3o b\u00e1sica no Munic\u00edpio de Cabedelo, e institui o selo 'Fernando Mac\u00eado', de capacita\u00e7\u00e3o em primeiros socorros\"","indexacao":"","observacao":"","resultado":"","texto_original":"http://sapl.cabedelo.pb.leg.br/media/sapl/public/materialegislativa/2021/7157/requer._no_369_2021-ver._edvaldo_neto_-_pl_cursos_primeiros_socorros_profissonais_educacao_basica.pdf","data_ultima_atualizacao":"2021-07-06T12:58:53.285106-03:00","ip":"186.235.55.12","ultima_edicao":"2021-07-06T12:50:53.088791-03:00","tipo":3,"regime_tramitacao":1,"tipo_origem_externa":null,"local_origem_externa":null,"user":22,"anexadas":[],"autores":[45]}