{"id":7284,"__str__":"Requerimento n\u00ba 443 de 2021","link_detail_backend":"/materia/7284","metadata":{},"numero":443,"ano":2021,"numero_protocolo":null,"data_apresentacao":"2021-09-13","tipo_apresentacao":"","data_publicacao":null,"numero_origem_externa":"","ano_origem_externa":null,"data_origem_externa":null,"apelido":"","dias_prazo":null,"data_fim_prazo":null,"em_tramitacao":false,"polemica":false,"objeto":"","complementar":false,"ementa":"Solicitar ao Prefeito Municipal e Seinfra provid\u00eancias no capeamento asf\u00e1ltico das Ruas Heitor Gusm\u00e3o, Monsenhor Valfredo Leal, Pra\u00e7a Ven\u00e2ncio Neiva, Dr. Jo\u00e3o da Mata, no bairro do Centro","indexacao":"","observacao":"","resultado":"","texto_original":"http://sapl.cabedelo.pb.leg.br/media/sapl/public/materialegislativa/2021/7284/requer._no_443_2021-ver._andre_coutinho-capeamento_asfaltico_das_ruas_heitor_gusmao_monsenhor_walfredo_leal_praca_venancio_neiva.pdf","data_ultima_atualizacao":"2021-09-27T09:23:35.476741-03:00","ip":"186.235.55.12","ultima_edicao":"2021-09-27T09:18:23.253570-03:00","tipo":3,"regime_tramitacao":1,"tipo_origem_externa":null,"local_origem_externa":null,"user":22,"anexadas":[],"autores":[44]}