{"id":7294,"__str__":"Requerimento n\u00ba 467 de 2021","link_detail_backend":"/materia/7294","metadata":{},"numero":467,"ano":2021,"numero_protocolo":null,"data_apresentacao":"2021-09-21","tipo_apresentacao":"","data_publicacao":null,"numero_origem_externa":"","ano_origem_externa":null,"data_origem_externa":null,"apelido":"","dias_prazo":null,"data_fim_prazo":null,"em_tramitacao":false,"polemica":false,"objeto":"","complementar":false,"ementa":"Solicitar ao Prefeito Municipal e Secretaria de Infraestrutura servi\u00e7os de poda, pintura, capina\u00e7\u00e3o, ilumina\u00e7\u00e3o e manuten\u00e7\u00e3o em geral da Pra\u00e7a Campina da Vila","indexacao":"","observacao":"","resultado":"","texto_original":"http://sapl.cabedelo.pb.leg.br/media/sapl/public/materialegislativa/2021/7294/requer._no_467_2021-ver._herlon_cabral-servicos_de_poda_pintura_capinacao_iluminacao_praca_campina_da_vila.pdf","data_ultima_atualizacao":"2021-09-27T09:51:26.100507-03:00","ip":"186.235.55.12","ultima_edicao":"2021-09-27T09:49:46.098161-03:00","tipo":3,"regime_tramitacao":1,"tipo_origem_externa":null,"local_origem_externa":null,"user":22,"anexadas":[],"autores":[40]}