{"id":7442,"__str__":"Requerimento n\u00ba 529 de 2021","link_detail_backend":"/materia/7442","metadata":{},"numero":529,"ano":2021,"numero_protocolo":null,"data_apresentacao":"2021-09-09","tipo_apresentacao":"","data_publicacao":null,"numero_origem_externa":"","ano_origem_externa":null,"data_origem_externa":null,"apelido":"","dias_prazo":null,"data_fim_prazo":null,"em_tramitacao":false,"polemica":false,"objeto":"","complementar":false,"ementa":"Solicitar ao Prefeito Municipal a reforma e amplia\u00e7\u00e3o da Escola Municipal Pl\u00e1cido de Almeida, no Renascer III","indexacao":"","observacao":"","resultado":"","texto_original":"http://sapl.cabedelo.pb.leg.br/media/sapl/public/materialegislativa/2021/7442/requer._no_529_2021-ver._reinaldo_lima-reforma_e_ampliacao_da_escola_municipal_placido_almeida-renascer_iii.pdf","data_ultima_atualizacao":"2022-01-07T11:40:57.767294-03:00","ip":"186.235.55.12","ultima_edicao":"2022-01-07T11:39:32.922467-03:00","tipo":3,"regime_tramitacao":1,"tipo_origem_externa":null,"local_origem_externa":null,"user":22,"anexadas":[],"autores":[41]}