{"id":7450,"__str__":"Requerimento n\u00ba 550 de 2021","link_detail_backend":"/materia/7450","metadata":{},"numero":550,"ano":2021,"numero_protocolo":null,"data_apresentacao":"2021-11-16","tipo_apresentacao":"","data_publicacao":null,"numero_origem_externa":"","ano_origem_externa":null,"data_origem_externa":null,"apelido":"","dias_prazo":null,"data_fim_prazo":null,"em_tramitacao":false,"polemica":false,"objeto":"","complementar":false,"ementa":"Solicitar ao Prefeito Municipal a instala\u00e7\u00e3o de postos elevados de guarda-vidas nas praias do Munic\u00edpio","indexacao":"","observacao":"","resultado":"","texto_original":"http://sapl.cabedelo.pb.leg.br/media/sapl/public/materialegislativa/2021/7450/requer._no_550_2021-ver._jose_pereira-postos_guarda-vidas_nas_praias.pdf","data_ultima_atualizacao":"2022-01-07T12:18:17.362468-03:00","ip":"186.235.55.12","ultima_edicao":"2022-01-07T12:16:56.572341-03:00","tipo":3,"regime_tramitacao":1,"tipo_origem_externa":null,"local_origem_externa":null,"user":22,"anexadas":[],"autores":[39]}