{"id":8041,"__str__":"Requerimento n\u00ba 252 de 2022","link_detail_backend":"/materia/8041","metadata":{},"numero":252,"ano":2022,"numero_protocolo":null,"data_apresentacao":"2022-06-07","tipo_apresentacao":"","data_publicacao":null,"numero_origem_externa":"","ano_origem_externa":null,"data_origem_externa":null,"apelido":"","dias_prazo":null,"data_fim_prazo":null,"em_tramitacao":false,"polemica":false,"objeto":"","complementar":false,"ementa":"Solicitar ao Prefeito Municipal provid\u00eancias no sentido de estudar a possibilidade de adotar a iniciativa do Projeto de lei que \"Disp\u00f5e sobre a proposta de orienta\u00e7\u00e3o, assist\u00eancia e inclus\u00e3o dos adolescentes de baixa renda no Programa Jovem Aprendiz tanto no \u00e2mbito municipal quanto no setor privado atrav\u00e9s do cadastramento no Centro Integrado Empresa Escola\"","indexacao":"","observacao":"","resultado":"","texto_original":"http://sapl.cabedelo.pb.leg.br/media/sapl/public/materialegislativa/2022/8041/requer._no_252_2022-ver._moises_do_meninas_bar_-_jovem_aprendiz.pdf","data_ultima_atualizacao":"2022-06-13T11:14:02.376417-03:00","ip":"186.235.55.12","ultima_edicao":"2022-06-13T11:09:57.282317-03:00","tipo":3,"regime_tramitacao":1,"tipo_origem_externa":null,"local_origem_externa":null,"user":22,"anexadas":[],"autores":[57]}