{"id":8111,"__str__":"Requerimento n\u00ba 284 de 2022","link_detail_backend":"/materia/8111","metadata":{},"numero":284,"ano":2022,"numero_protocolo":null,"data_apresentacao":"2022-06-21","tipo_apresentacao":"","data_publicacao":null,"numero_origem_externa":"","ano_origem_externa":null,"data_origem_externa":null,"apelido":"","dias_prazo":null,"data_fim_prazo":null,"em_tramitacao":false,"polemica":false,"objeto":"","complementar":false,"ementa":"Solicitar ao Prefeito Municipal e Secretaria de Infraestrutura a recupera\u00e7\u00e3o (conserto/manuten\u00e7\u00e3o/reforma) da pra\u00e7a localizada entre a Avenida Oceano Pac\u00edficio e a Avenida Mar Mediterr\u00e2neo, em Intermares","indexacao":"","observacao":"","resultado":"","texto_original":"http://sapl.cabedelo.pb.leg.br/media/sapl/public/materialegislativa/2022/8111/requer._no_284_2022-ver._jose_pereira-_recuperacao_da_praca_entre_a_av._oceano_pacifico_e_av._mar_mediterraneo_bairro_de_intermares.pdf","data_ultima_atualizacao":"2022-07-01T11:07:55.306520-03:00","ip":"186.235.55.12","ultima_edicao":"2022-07-01T11:05:37.334681-03:00","tipo":3,"regime_tramitacao":1,"tipo_origem_externa":null,"local_origem_externa":null,"user":22,"anexadas":[],"autores":[39]}