{"id":8205,"__str__":"Requerimento n\u00ba 347 de 2022","link_detail_backend":"/materia/8205","metadata":{},"numero":347,"ano":2022,"numero_protocolo":null,"data_apresentacao":"2022-08-23","tipo_apresentacao":"","data_publicacao":null,"numero_origem_externa":"","ano_origem_externa":null,"data_origem_externa":null,"apelido":"","dias_prazo":null,"data_fim_prazo":null,"em_tramitacao":false,"polemica":false,"objeto":"","complementar":false,"ementa":"Solicitar ao Prefeito Municipal e Secretaria de Infraestrutura a complementa\u00e7\u00e3o da pavimenta\u00e7\u00e3o da Rua Ant\u00f4nia Ferreira da Silva, no Renascer II","indexacao":"","observacao":"","resultado":"","texto_original":"http://sapl.cabedelo.pb.leg.br/media/sapl/public/materialegislativa/2022/8205/requer._no_347_2022-ver._edson_da_otica-_complementacao_da_pavimentacao_da_rua_antonia_ferreira_da_silva.pdf","data_ultima_atualizacao":"2022-08-26T11:11:26.635524-03:00","ip":"186.235.55.12","ultima_edicao":"2022-08-26T11:09:01.907910-03:00","tipo":3,"regime_tramitacao":1,"tipo_origem_externa":null,"local_origem_externa":null,"user":22,"anexadas":[],"autores":[55]}