{"id":8481,"__str__":"Requerimento n\u00ba 550 de 2022","link_detail_backend":"/materia/8481","metadata":{},"numero":550,"ano":2022,"numero_protocolo":null,"data_apresentacao":"2022-12-06","tipo_apresentacao":"","data_publicacao":null,"numero_origem_externa":"","ano_origem_externa":null,"data_origem_externa":null,"apelido":"","dias_prazo":null,"data_fim_prazo":null,"em_tramitacao":false,"polemica":false,"objeto":"","complementar":false,"ementa":"Solicitar ao Prefeito Municipal e Secretaria de Mobilidade Urbana melhorias na sinaliza\u00e7\u00e3o de tr\u00e2nsito, tais como pintura de todas as lombadas f\u00edsicas e remarca\u00e7\u00e3o das faixas de pedestre no bairro do Renascer","indexacao":"","observacao":"","resultado":"","texto_original":"http://sapl.cabedelo.pb.leg.br/media/sapl/public/materialegislativa/2022/8481/requer._no_550_2022_-_ver._edson_da_otica_-_melhorias_na_sinalizacao_de_transito_e_remarcacao_das_faixas_de_pedestre_do_bairro_do_renascer.pdf","data_ultima_atualizacao":"2022-12-16T12:19:59.439878-03:00","ip":"186.235.55.12","ultima_edicao":"2022-12-16T12:17:15.806975-03:00","tipo":3,"regime_tramitacao":1,"tipo_origem_externa":null,"local_origem_externa":null,"user":22,"anexadas":[],"autores":[55]}