{"id":8505,"__str__":"Ato da Presid\u00eancia n\u00ba 2 de 2023","link_detail_backend":"/materia/8505","metadata":{},"numero":2,"ano":2023,"numero_protocolo":null,"data_apresentacao":"2023-01-02","tipo_apresentacao":"","data_publicacao":null,"numero_origem_externa":"","ano_origem_externa":null,"data_origem_externa":null,"apelido":"","dias_prazo":null,"data_fim_prazo":null,"em_tramitacao":false,"polemica":false,"objeto":"","complementar":false,"ementa":"Convoca o 3\u00ba Suplente de Vereador Geilson de Almeida Nascimento - UNI\u00c3O BRASIL para posse no cargo de Vereador, e d\u00e1 outras provid\u00eancias","indexacao":"","observacao":"","resultado":"","texto_original":"http://sapl.cabedelo.pb.leg.br/media/sapl/public/materialegislativa/2023/8505/ato_do_presidente_no_002_2023-_convocacao_suplente.pdf","data_ultima_atualizacao":"2023-01-30T09:43:32.651018-03:00","ip":"186.235.55.12","ultima_edicao":"2023-01-23T11:58:36.010591-03:00","tipo":29,"regime_tramitacao":1,"tipo_origem_externa":null,"local_origem_externa":null,"user":22,"anexadas":[],"autores":[]}