{"id":8534,"__str__":"Requerimento n\u00ba 9 de 2023","link_detail_backend":"/materia/8534","metadata":{},"numero":9,"ano":2023,"numero_protocolo":null,"data_apresentacao":"2023-02-07","tipo_apresentacao":"","data_publicacao":null,"numero_origem_externa":"","ano_origem_externa":null,"data_origem_externa":null,"apelido":"","dias_prazo":null,"data_fim_prazo":null,"em_tramitacao":false,"polemica":false,"objeto":"","complementar":false,"ementa":"Solicitar a Secretaria de Mobilidade Urbana a demarca\u00e7\u00e3o asf\u00e1ltica bem como a sinaliza\u00e7\u00e3o dos quebra-molas existentes na Rua Bel. Cl\u00e1udia Ruth Braga Pereira, no Loteamento Jardim Jeric\u00f3, em Camboinha","indexacao":"","observacao":"","resultado":"","texto_original":"http://sapl.cabedelo.pb.leg.br/media/sapl/public/materialegislativa/2023/8534/requer._no_009_2023_-_ver._alex_lucena_-_demarcacao_asfaltiva_e_sinalizacao_quebra-molas_rua_bel_claudia_ruth_braga_pereira.pdf","data_ultima_atualizacao":"2023-02-10T11:13:32.238162-03:00","ip":"186.235.55.12","ultima_edicao":"2023-02-10T11:10:19.882152-03:00","tipo":3,"regime_tramitacao":1,"tipo_origem_externa":null,"local_origem_externa":null,"user":22,"anexadas":[],"autores":[47]}