{"id":8545,"__str__":"Requerimento n\u00ba 17 de 2023","link_detail_backend":"/materia/8545","metadata":{},"numero":17,"ano":2023,"numero_protocolo":null,"data_apresentacao":"2023-02-10","tipo_apresentacao":"","data_publicacao":null,"numero_origem_externa":"","ano_origem_externa":null,"data_origem_externa":null,"apelido":"","dias_prazo":null,"data_fim_prazo":null,"em_tramitacao":false,"polemica":false,"objeto":"","complementar":false,"ementa":"Solicitar \u00e0s Secretarias de Infraestrutura e de Esportes efetuar a reforma no campo localizado na Rua An\u00e1lia de Morais, em Camboinha II, pr\u00f3ximo \u00e0 Creche Pequeno Pr\u00edncipe, com conserto de telas de prote\u00e7\u00e3o, constru\u00e7\u00e3o de sapatas ao redor e aterramento para evitar alagamentos no per\u00edodo de chuvas","indexacao":"","observacao":"","resultado":"","texto_original":"http://sapl.cabedelo.pb.leg.br/media/sapl/public/materialegislativa/2023/8545/requer._no_017_2023_-_ver._alex_lucena_-_reforma_no_campo_localizado_na_rua_analia_de_morais_camboinha_ii_proximo_a_creche_pequeno_principe.pdf","data_ultima_atualizacao":"2023-02-23T11:45:48.465883-03:00","ip":"186.235.55.12","ultima_edicao":"2023-02-23T11:40:46.139211-03:00","tipo":3,"regime_tramitacao":1,"tipo_origem_externa":null,"local_origem_externa":null,"user":22,"anexadas":[],"autores":[47]}