{"id":8557,"__str__":"Requerimento n\u00ba 18 de 2023","link_detail_backend":"/materia/8557","metadata":{},"numero":18,"ano":2023,"numero_protocolo":null,"data_apresentacao":"2023-02-14","tipo_apresentacao":"","data_publicacao":null,"numero_origem_externa":"","ano_origem_externa":null,"data_origem_externa":null,"apelido":"","dias_prazo":null,"data_fim_prazo":null,"em_tramitacao":false,"polemica":false,"objeto":"","complementar":false,"ementa":"Solicitar ao Superintendente do DNIT na Para\u00edba estudar a possibilidade de altera\u00e7\u00e3o do tr\u00e2nsito no acesso lateral do Assa\u00ed Atacadista, que com a duplica\u00e7\u00e3o ficou m\u00e3o \u00fanica, transformando-a em m\u00e3o dupla. Caso n\u00e3o seja poss\u00edvel tal altera\u00e7\u00e3o, solicitar ao Prefeito Municipal e Secretaria de Mobilidade Urbana a ilumina\u00e7\u00e3o, pavimenta\u00e7\u00e3o e sinaliza\u00e7\u00e3o pelos fundos do referido atacadista at\u00e9 a sa\u00edda da S\u00e3o Br\u00e1z S/A, possibilitando o acesso ao retorno da BR 230 para Cabedelo","indexacao":"","observacao":"","resultado":"","texto_original":"http://sapl.cabedelo.pb.leg.br/media/sapl/public/materialegislativa/2023/8557/requer._no_008_2023_-_ver._moises_do_meninas_bar_-_poda_arvores_capinacao_e_pintura_de_meios_fios.pdf","data_ultima_atualizacao":"2023-02-27T09:27:06.077150-03:00","ip":"186.235.55.12","ultima_edicao":"2023-02-27T09:17:16.662909-03:00","tipo":3,"regime_tramitacao":1,"tipo_origem_externa":null,"local_origem_externa":null,"user":22,"anexadas":[],"autores":[57]}