{"id":8599,"__str__":"Projeto de Lei Ordin\u00e1ria n\u00ba 7 de 2023","link_detail_backend":"/materia/8599","metadata":{},"numero":7,"ano":2023,"numero_protocolo":null,"data_apresentacao":"2023-02-14","tipo_apresentacao":"","data_publicacao":null,"numero_origem_externa":"","ano_origem_externa":null,"data_origem_externa":null,"apelido":"","dias_prazo":null,"data_fim_prazo":null,"em_tramitacao":false,"polemica":false,"objeto":"","complementar":false,"ementa":"Disp\u00f5e sobre o 13\u00ba (d\u00e9cimo terceiro) sal\u00e1rio e f\u00e9rias dos Vereadores da C\u00e2mara Municipal de Cabedelo (PB), e d\u00e1 outras provid\u00eancias","indexacao":"","observacao":"","resultado":"","texto_original":"http://sapl.cabedelo.pb.leg.br/media/sapl/public/materialegislativa/2023/8599/pl_no_007_2023-presidente_cmc_-_decimo_terceiro_salario_vereadores_-_lei_no_2.259_2023.pdf","data_ultima_atualizacao":"2023-03-13T11:20:58.042533-03:00","ip":"186.235.55.12","ultima_edicao":"2023-03-13T11:19:21.199814-03:00","tipo":1,"regime_tramitacao":3,"tipo_origem_externa":null,"local_origem_externa":null,"user":22,"anexadas":[],"autores":[60]}