{"id":8875,"__str__":"Requerimento n\u00ba 276 de 2023","link_detail_backend":"/materia/8875","metadata":{},"numero":276,"ano":2023,"numero_protocolo":null,"data_apresentacao":"2023-06-13","tipo_apresentacao":"","data_publicacao":null,"numero_origem_externa":"","ano_origem_externa":null,"data_origem_externa":null,"apelido":"","dias_prazo":null,"data_fim_prazo":null,"em_tramitacao":false,"polemica":false,"objeto":"","complementar":false,"ementa":"Solicitar ao Deputado Estadual Taciano Diniz, bem como ao Deputado Federal Mersinho Lucena verificar a possibilidade de incluir no or\u00e7amento, atrav\u00e9s de Emendas Parlamentares, verbas destinadas \u00e0 Constru\u00e7\u00e3o de Galerias de \u00c1guas Pluviais nos bairros do Jardim Jeric\u00f3 e Jacar\u00e9","indexacao":"","observacao":"","resultado":"","texto_original":"http://sapl.cabedelo.pb.leg.br/media/sapl/public/materialegislativa/2023/8875/requer._no_276_2023_-_ver._moises_do_meninas_bar_-_construcao_de_galerias_de_aguas_pluviais.pdf","data_ultima_atualizacao":"2023-06-19T11:57:59.192782-03:00","ip":"186.235.55.12","ultima_edicao":"2023-06-19T11:55:38.692108-03:00","tipo":3,"regime_tramitacao":1,"tipo_origem_externa":null,"local_origem_externa":null,"user":22,"anexadas":[],"autores":[57]}