{"id":8934,"__str__":"Ato da Presid\u00eancia n\u00ba 23 de 2023","link_detail_backend":"/materia/8934","metadata":{},"numero":23,"ano":2023,"numero_protocolo":null,"data_apresentacao":"2023-07-10","tipo_apresentacao":"","data_publicacao":null,"numero_origem_externa":"","ano_origem_externa":null,"data_origem_externa":null,"apelido":"","dias_prazo":null,"data_fim_prazo":null,"em_tramitacao":false,"polemica":false,"objeto":"","complementar":false,"ementa":"Disp\u00f5e sobre a obrigatoriedade do Censo Funcional e Previdenci\u00e1rio dos servidores p\u00fablicos titulares de cargos de provimento efetivo ativos da C\u00e2mara Municipal de Cabedelo (PB)","indexacao":"","observacao":"","resultado":"","texto_original":"http://sapl.cabedelo.pb.leg.br/media/sapl/public/materialegislativa/2023/8934/ato_do_presidente_no_023_2023-_censo_funcional_previdenciario.pdf","data_ultima_atualizacao":"2023-07-14T12:38:38.382706-03:00","ip":"186.235.55.12","ultima_edicao":"2023-07-14T12:36:29.842671-03:00","tipo":29,"regime_tramitacao":1,"tipo_origem_externa":null,"local_origem_externa":null,"user":22,"anexadas":[],"autores":[]}