{"id":8942,"__str__":"Projeto de Lei Ordin\u00e1ria n\u00ba 31 de 2023","link_detail_backend":"/materia/8942","metadata":{},"numero":31,"ano":2023,"numero_protocolo":null,"data_apresentacao":"2023-03-28","tipo_apresentacao":"","data_publicacao":null,"numero_origem_externa":"","ano_origem_externa":null,"data_origem_externa":null,"apelido":"","dias_prazo":null,"data_fim_prazo":null,"em_tramitacao":false,"polemica":false,"objeto":"","complementar":false,"ementa":"Institui, no Munic\u00edpio de Cabedelo, o uso do Colar de Girassol como instrumento auxiliar de orienta\u00e7\u00e3o para identifica\u00e7\u00e3o de pessoas com defici\u00eancia n\u00e3o vis\u00edvel ou oculta","indexacao":"","observacao":"","resultado":"","texto_original":"http://sapl.cabedelo.pb.leg.br/media/sapl/public/materialegislativa/2023/8942/pl_no_031_2023-ver._enrique_douglas-uso_do_colar_de_girassol_-_lei_no_2.293_2023.pdf","data_ultima_atualizacao":"2023-07-21T10:00:50.606918-03:00","ip":"186.235.55.12","ultima_edicao":"2023-07-21T09:58:09.866727-03:00","tipo":1,"regime_tramitacao":1,"tipo_origem_externa":null,"local_origem_externa":null,"user":22,"anexadas":[],"autores":[56]}