{"id":8952,"__str__":"Projeto de Lei Ordin\u00e1ria n\u00ba 80 de 2022","link_detail_backend":"/materia/8952","metadata":{},"numero":80,"ano":2022,"numero_protocolo":null,"data_apresentacao":"2022-12-06","tipo_apresentacao":"","data_publicacao":null,"numero_origem_externa":"","ano_origem_externa":null,"data_origem_externa":null,"apelido":"","dias_prazo":null,"data_fim_prazo":null,"em_tramitacao":false,"polemica":false,"objeto":"","complementar":false,"ementa":"Veda a nomea\u00e7\u00e3o para os cargos efetivos e em comiss\u00e3o, no \u00e2mbito do Munic\u00edpio de Cabedelo, de pessoas que tenham sido condenadas pelos crimes previstos na Lei Federal n\u00ba 8.069/90, Lei Federal n\u00ba 12.015/09, Lei n\u00ba 10.741/03 e Lei Federal n\u00ba 8.072/90","indexacao":"","observacao":"","resultado":"","texto_original":"http://sapl.cabedelo.pb.leg.br/media/sapl/public/materialegislativa/2022/8952/pl_no_080_2022-ver._junior_paulo-_veda_nomeacao_para_cargos_em_comissao-veto_total_mantido.pdf","data_ultima_atualizacao":"2023-08-04T11:01:27.079095-03:00","ip":"186.235.55.12","ultima_edicao":"2023-08-04T10:57:36.283300-03:00","tipo":1,"regime_tramitacao":1,"tipo_origem_externa":null,"local_origem_externa":null,"user":22,"anexadas":[],"autores":[48]}