{"id":8968,"__str__":"Requerimento n\u00ba 322 de 2023","link_detail_backend":"/materia/8968","metadata":{},"numero":322,"ano":2023,"numero_protocolo":null,"data_apresentacao":"2023-08-01","tipo_apresentacao":"","data_publicacao":null,"numero_origem_externa":"","ano_origem_externa":null,"data_origem_externa":null,"apelido":"","dias_prazo":null,"data_fim_prazo":null,"em_tramitacao":false,"polemica":false,"objeto":"","complementar":false,"ementa":"Solicitar ao Prefeito Municipal e Secretaria de Mobilidade Urbana efetuar estudo para implantar placa de sinaliza\u00e7\u00e3o em toda Rua Jair Cunha Cavalcanti, no bairro do Jacar\u00e9","indexacao":"","observacao":"","resultado":"","texto_original":"http://sapl.cabedelo.pb.leg.br/media/sapl/public/materialegislativa/2023/8968/requer._no_322_2023_-_ver._wagner_do_solanense_-_placa_de_sinalizacao_rua_jair_cunha_cavalcanti.pdf","data_ultima_atualizacao":"2023-08-07T09:33:14.859731-03:00","ip":"186.235.55.12","ultima_edicao":"2023-08-07T09:31:47.543546-03:00","tipo":3,"regime_tramitacao":1,"tipo_origem_externa":null,"local_origem_externa":null,"user":22,"anexadas":[],"autores":[46]}