{"id":9061,"__str__":"Requerimento n\u00ba 400 de 2023","link_detail_backend":"/materia/9061","metadata":{},"numero":400,"ano":2023,"numero_protocolo":null,"data_apresentacao":"2023-09-05","tipo_apresentacao":"","data_publicacao":null,"numero_origem_externa":"","ano_origem_externa":null,"data_origem_externa":null,"apelido":"","dias_prazo":null,"data_fim_prazo":null,"em_tramitacao":false,"polemica":false,"objeto":"","complementar":false,"ementa":"Solicitar ao Prefeito Municipal e Secretarias de Infraestrutura e de Esporte, Lazer e Juventude provid\u00eancias no sentido de reformar a pra\u00e7a e a quadra da Praia do Po\u00e7o, bem como requer que o equipamento mantenha a \u00e1rea de esportes e lazer, quadra e arquibancada, parquinho, academia para terceira idade e estacionamento, acrescentando ciclovia, horta comunit\u00e1ria, bancos e jardins","indexacao":"","observacao":"","resultado":"","texto_original":"http://sapl.cabedelo.pb.leg.br/media/sapl/public/materialegislativa/2023/9061/requer._no_400_2023_-_ver._janderson_brito_-_reforma_quadra_e_praca_do_praia_do_poco.pdf","data_ultima_atualizacao":"2023-09-11T12:45:38.454655-03:00","ip":"186.235.55.12","ultima_edicao":"2023-09-11T12:41:50.159591-03:00","tipo":3,"regime_tramitacao":1,"tipo_origem_externa":null,"local_origem_externa":null,"user":22,"anexadas":[],"autores":[13]}