{"id":9156,"__str__":"Requerimento n\u00ba 468 de 2023","link_detail_backend":"/materia/9156","metadata":{},"numero":468,"ano":2023,"numero_protocolo":null,"data_apresentacao":"2023-10-03","tipo_apresentacao":"","data_publicacao":null,"numero_origem_externa":"","ano_origem_externa":null,"data_origem_externa":null,"apelido":"","dias_prazo":null,"data_fim_prazo":null,"em_tramitacao":false,"polemica":false,"objeto":"","complementar":false,"ementa":"Realiza\u00e7\u00e3o de Sess\u00e3o Especial no Plen\u00e1rio desta Casa Legislativa, em data a ser agendada pela Presid\u00eancia, em aten\u00e7\u00e3o ao Projeto de Lei de minha autoria que institui, no \u00e2mbito do Munic\u00edpio de Cabedelo, o Dia da Conscientiza\u00e7\u00e3o de Defesa \u00e0 Vida e contra o Aborto","indexacao":"","observacao":"","resultado":"","texto_original":"http://sapl.cabedelo.pb.leg.br/media/sapl/public/materialegislativa/2023/9156/requer._no_468_2023_-_ver._marcio_silva_-_sessao_especial_-_pl.pdf","data_ultima_atualizacao":"2023-10-06T11:17:38.778776-03:00","ip":"186.235.55.12","ultima_edicao":"2023-10-06T11:14:18.118490-03:00","tipo":3,"regime_tramitacao":1,"tipo_origem_externa":null,"local_origem_externa":null,"user":22,"anexadas":[],"autores":[50]}