{"id":9178,"__str__":"Requerimento n\u00ba 474 de 2023","link_detail_backend":"/materia/9178","metadata":{},"numero":474,"ano":2023,"numero_protocolo":null,"data_apresentacao":"2023-10-06","tipo_apresentacao":"","data_publicacao":null,"numero_origem_externa":"","ano_origem_externa":null,"data_origem_externa":null,"apelido":"","dias_prazo":null,"data_fim_prazo":null,"em_tramitacao":false,"polemica":false,"objeto":"","complementar":false,"ementa":"Concess\u00e3o de Licen\u00e7a M\u00e9dica de 30 (trinta) dias por Motivo de Sa\u00fade ao Vereador Reinaldo Lima (Rey)","indexacao":"","observacao":"","resultado":"","texto_original":"http://sapl.cabedelo.pb.leg.br/media/sapl/public/materialegislativa/2023/9178/requer._no_474_2023_-_ver._rey_-_licenca_por_motivo_de_saude.pdf","data_ultima_atualizacao":"2023-10-16T09:59:36.179127-03:00","ip":"186.235.55.12","ultima_edicao":"2023-10-16T09:56:40.683086-03:00","tipo":3,"regime_tramitacao":1,"tipo_origem_externa":null,"local_origem_externa":null,"user":22,"anexadas":[],"autores":[41]}