{"id":9295,"__str__":"Relat\u00f3rio Comiss\u00e3o de Representa\u00e7\u00e3o n\u00ba 3 de 2023","link_detail_backend":"/materia/9295","metadata":{},"numero":3,"ano":2023,"numero_protocolo":null,"data_apresentacao":"2023-08-28","tipo_apresentacao":"","data_publicacao":null,"numero_origem_externa":"","ano_origem_externa":null,"data_origem_externa":null,"apelido":"","dias_prazo":null,"data_fim_prazo":null,"em_tramitacao":false,"polemica":false,"objeto":"","complementar":false,"ementa":"Relat\u00f3rio Comiss\u00e3o de Representa\u00e7\u00e3o no Encontro Nacional de Gestores e Legislativos Municipais - Bras\u00edlia/DF, 22 a 25 de agosto/2023","indexacao":"","observacao":"","resultado":"","texto_original":"http://sapl.cabedelo.pb.leg.br/media/sapl/public/materialegislativa/2023/9295/comissao_de_representacao_-_relatorio_encontro_nacional_de_gestores-brasilia.pdf","data_ultima_atualizacao":"2023-11-17T11:14:08.781173-03:00","ip":"186.235.55.12","ultima_edicao":"2023-11-17T11:14:07.961412-03:00","tipo":31,"regime_tramitacao":1,"tipo_origem_externa":null,"local_origem_externa":null,"user":22,"anexadas":[],"autores":[]}