{"id":9348,"__str__":"Requerimento n\u00ba 592 de 2023","link_detail_backend":"/materia/9348","metadata":{},"numero":592,"ano":2023,"numero_protocolo":null,"data_apresentacao":"2023-12-01","tipo_apresentacao":"","data_publicacao":null,"numero_origem_externa":"","ano_origem_externa":null,"data_origem_externa":null,"apelido":"","dias_prazo":null,"data_fim_prazo":null,"em_tramitacao":false,"polemica":false,"objeto":"","complementar":false,"ementa":"Votos de Aplausos aos empres\u00e1rios do ramo de mercado varejista deste Munic\u00edpio, abaixo relacionados, em raz\u00e3o dos investimentos, com a instala\u00e7\u00e3o de estabelecimentos comerciais, e gera\u00e7\u00e3o de emprego e renda","indexacao":"","observacao":"","resultado":"","texto_original":"http://sapl.cabedelo.pb.leg.br/media/sapl/public/materialegislativa/2023/9348/requer._no_592_2023_-_ver._benone_benardo_-_mocao_de_aplausos_empresarios_varejistas.pdf","data_ultima_atualizacao":"2023-12-08T11:51:22.603012-03:00","ip":"186.235.55.12","ultima_edicao":"2023-12-08T11:43:41.539144-03:00","tipo":3,"regime_tramitacao":1,"tipo_origem_externa":null,"local_origem_externa":null,"user":22,"anexadas":[],"autores":[61]}