{"id":9595,"__str__":"Projeto de Lei Ordin\u00e1ria n\u00ba 13 de 2024","link_detail_backend":"/materia/9595","metadata":{},"numero":13,"ano":2024,"numero_protocolo":null,"data_apresentacao":"2024-02-20","tipo_apresentacao":"","data_publicacao":null,"numero_origem_externa":"","ano_origem_externa":null,"data_origem_externa":null,"apelido":"","dias_prazo":null,"data_fim_prazo":null,"em_tramitacao":false,"polemica":false,"objeto":"","complementar":false,"ementa":"Denomina de Rua Ant\u00f4nio Vieira da Silva o trecho entre a Quadra 225 e a linha ferrovi\u00e1ria, do Prolongamento Jardim Atl\u00e2ntico II, neste Munic\u00edpio, e d\u00e1 outras provid\u00eancias","indexacao":"","observacao":"","resultado":"","texto_original":"http://sapl.cabedelo.pb.leg.br/media/sapl/public/materialegislativa/2024/9595/pl_no_013_2024_-_ver._moises_do_meninas_bar_-_rua_antonio_vieira_da_silva_-_lei_no_2.377_2024.pdf","data_ultima_atualizacao":"2024-04-12T12:11:56.897174-03:00","ip":"186.235.55.12","ultima_edicao":"2024-04-12T12:07:59.788110-03:00","tipo":1,"regime_tramitacao":1,"tipo_origem_externa":null,"local_origem_externa":null,"user":22,"anexadas":[],"autores":[57]}