{"id":9648,"__str__":"Requerimento n\u00ba 194 de 2024","link_detail_backend":"/materia/9648","metadata":{},"numero":194,"ano":2024,"numero_protocolo":null,"data_apresentacao":"2024-05-07","tipo_apresentacao":"","data_publicacao":null,"numero_origem_externa":"","ano_origem_externa":null,"data_origem_externa":null,"apelido":"","dias_prazo":null,"data_fim_prazo":null,"em_tramitacao":false,"polemica":false,"objeto":"","complementar":false,"ementa":"Realiza\u00e7\u00e3o de Sess\u00e3o Especial, na modalidade presencial, no Plen\u00e1rio desta Casa Legislativa, no dia 23/05/2024, acerca da abertura do Movimento Nacional Maio Laranja, em alus\u00e3o ao Dia de Combate ao abuso e \u00e0 explora\u00e7\u00e3o sexual infantil","indexacao":"","observacao":"","resultado":"","texto_original":"http://sapl.cabedelo.pb.leg.br/media/sapl/public/materialegislativa/2024/9648/requer._no_194_2024_-_ver._evilasio_cavalcanti_-_sessao_especial_maio_laranja.pdf","data_ultima_atualizacao":"2024-05-10T10:35:31.514649-03:00","ip":"186.235.55.12","ultima_edicao":"2024-05-10T10:31:11.701875-03:00","tipo":3,"regime_tramitacao":1,"tipo_origem_externa":null,"local_origem_externa":null,"user":22,"anexadas":[],"autores":[6]}