{"id":9961,"__str__":"Requerimento n\u00ba 400 de 2024","link_detail_backend":"/materia/9961","metadata":{},"numero":400,"ano":2024,"numero_protocolo":null,"data_apresentacao":"2024-11-19","tipo_apresentacao":"","data_publicacao":null,"numero_origem_externa":"","ano_origem_externa":null,"data_origem_externa":null,"apelido":"","dias_prazo":null,"data_fim_prazo":null,"em_tramitacao":false,"polemica":false,"objeto":"","complementar":false,"ementa":"Solicitar \u00e0 Secretaria de Seguran\u00e7a a instala\u00e7\u00e3o de um ponto da Guarda Metropolitana na Pra\u00e7a Ven\u00e2ncio Neiva, no Centro de Cabedelo, para refor\u00e7ar a seguran\u00e7a p\u00fablica da \u00e1rea e proporcionar maior tranquilidade aos moradores, comerciantes e frequentadores","indexacao":"","observacao":"","resultado":"","texto_original":"http://sapl.cabedelo.pb.leg.br/media/sapl/public/materialegislativa/2024/9961/requer._no_400_2024_-_alex_lucena_-_instalacao_de_um_ponto_de_guarda_metropolitana.pdf","data_ultima_atualizacao":"2024-11-22T10:39:03.586703-03:00","ip":"186.235.50.39","ultima_edicao":"2024-11-22T10:37:27.391809-03:00","tipo":3,"regime_tramitacao":1,"tipo_origem_externa":null,"local_origem_externa":null,"user":22,"anexadas":[],"autores":[47]}